{"id":2452,"date":"2023-07-29T18:27:25","date_gmt":"2023-07-29T16:27:25","guid":{"rendered":"https:\/\/kkwfala.pl\/?p=2452"},"modified":"2023-07-29T18:27:25","modified_gmt":"2023-07-29T16:27:25","slug":"xi-rejs-kaliskiego-klubu-wodnego-fala","status":"publish","type":"post","link":"https:\/\/kkwfala.pl\/index.php\/2023\/07\/29\/xi-rejs-kaliskiego-klubu-wodnego-fala\/","title":{"rendered":"XI rejs Kaliskiego Klubu Wodnego FALA"},"content":{"rendered":"\n<p>  <\/p>\n\n\n\n<p class=\"has-text-align-center has-medium-font-size\"><strong>\u0141\u0105cko 2023<\/strong><\/p>\n\n\n\n<p>Termin \u2013 <strong>12.08.2023 r. &#8211; 17.08.2023 r.<\/strong><br>Miejsce \u2013 szlak wodny &#8211; \u015alesin \u2013 j. Gop\u0142o \u2013 Kruszwica \u2013 \u0141\u0105cko \u2013 Barcin \u2013 j. Wolickie &#8211;<br>j. Kierzkowskie \u2013 j. Ostrowieckie &#8211; \u0141\u0105cko &#8211; \u015alesin<br><\/p>\n\n\n\n<p class=\"has-text-align-center\"><strong>Ramowy program rejsu<\/strong><\/p>\n\n\n\n<p>12.08.2023 r. &#8211; przyjazd uczestnik\u00f3w rejsu do swoich port\u00f3w macierzystych<br><br>13.08.2023 r. &#8211; 9:30 \u2013 zbi\u00f3rka jacht\u00f3w na jeziorze Czarnym.<br>                       10:00 \u2013 \u015bluza Gawrony tel. 608 610 292.<br>                       11:00 \u2013 \u015bluza Koszewo tel.63 268 51 50.<br>                       13:00 \u2013 Przew\u00f3z &#8211; Kruszwica \u2013 rejs w szyku dowolnym do miejsca cumowania.<br>                       Godziny wg przybycia \u2013 miejsce cumowania Klub \u017beglarski LOK POPIEL.<br>                       19:30 \u2013 do bia\u0142ego rana \u2013 ognisko, \u015bpiewy, szk\u0142o.<br><br>14.08.2023 r. &#8211; pobudka \u2013 wg w\u0142asnego uznania.<br>                        10:00 \u2013 zwiedzanie Kruszwicy, Mysia Wie\u017ca \u2013 wg w\u0142asnego uznania.<br>                        12:00 \u2013 odcumowanie.<br>                        12:00 \u2013 rejs w szyku dowolnym po jeziorze Gop\u0142o i G\u00f3rnej Noteci do \u015bluzy Pako\u015b\u0107<br>                        17:00 \u2013 \u015bluza Pako\u015b\u0107 tel. 666 879 019.<br>                        18:00 \u2013 Pako\u015b\u0107 &#8211; \u0141\u0105cko \u2013 rejs w szyku dowolnym do miejsca cumowania.<br>                        Godziny wg przybycia \u2013 miejsce cumowania przysta\u0144 Yacht Klubu Polskiego Inowroc\u0142aw.<br>                        19:30 \u2013 do bia\u0142ego rana \u2013 ognisko, \u015bpiewy, szk\u0142o.<br><br>15.08.2023 r. &#8211; pobudka \u2013 wg w\u0142asnego uznania.<br>                       10:00 \u2013 odcumowanie.<br>                       10:00 \u2013 rejs w szyku dowolnym po G\u00f3rnej Noteci do Barcina (mo\u017cliwo\u015b\u0107<br>                                    zwiedzania, ko\u015bci\u00f3\u0142 neoroma\u0144ski), powr\u00f3t do miejsca cumowania \u0141\u0105cko.<br>                                    Alternatywnie od Barcina na jeziora: Wolickie, Kierzkowskie, Ostrowickie, powr\u00f3t<br>                                    do miejsca cumowania \u0141\u0105cko.<br>                       Godziny wg przybycia \u2013 miejsce cumowania \u0141\u0105cko.<br>                       19:30 \u2013 do bia\u0142ego rana \u2013 ognisko, \u015bpiewy, szk\u0142o.<br><br>16.08.2023 r. &#8211; pobudka \u2013 wg w\u0142asnego uznania.<br>                        9:00 \u2013 odcumowanie.<br>                        9:00 \u2013 rejs w szyku dowolnym po G\u00f3rnej Noteci do \u015bluzy Pako\u015b\u0107<br>                       10:00 \u2013 \u015bluza Pako\u015b\u0107.<br>                       11:00 \u2013 Pako\u015b\u0107 &#8211; Mielnica \u2013 rejs w szyku dowolnym po G\u00f3rnej Noteci i jeziorze<br>                                    Gop\u0142o do miejsca cumowania.<br>                        Godziny wg przybycia \u2013 miejsce cumowania Mielnica.<br>                        19:30 \u2013 do bia\u0142ego rana \u2013 ognisko, \u015bpiewy, szk\u0142o.<br><br>17.08.2023 r. &#8211; pobudka \u2013 wg w\u0142asnego uznania.<br>                        9:00 \u2013 odcumowanie.<br>                        10:00 \u2013 \u015bluza Koszewo.<br>                        11:00 \u2013 \u015bluza Gawrony.<br>                        12:00 &#8211; rejs w szyku dowolnym po jeziorze G\u0142\u0119bockim i \u015alesi\u0144skim do miejsca<br>                                     cumowania, zako\u0144czenie rejsu, powr\u00f3t do port\u00f3w macierzystych.<br><\/p>\n\n\n\n<p>Udzia\u0142 w rejsie na w\u0142asn\u0105 odpowiedzialno\u015b\u0107 i na w\u0142asny koszt.<br>Organizator dopuszcza zmiany w programie rejsu w zale\u017cno\u015bci od warunk\u00f3w pogodowych i<br>\u017ceglugowych.<\/p>\n\n\n\n<p><\/p>\n\n\n\n<p class=\"has-text-align-center\"><strong>Odleg\u0142o\u015bci pomi\u0119dzy miejscami wyznaczonymi na trasie rejsu i portami macierzystymi<\/strong><\/p>\n\n\n\n<p>Gawrony \u2013 Koszewo \u2013 1,6 km<br>Koszewo \u2013 Przew\u00f3z \u2013 6,2 km<br>Przew\u00f3z \u2013 Kruszwica \u2013 24,9 km<br>Kruszwica \u2013 Pako\u015b\u0107 \u2013 24,6 km<br>Pako\u015b\u0107 \u2013 \u0141\u0105cko \u2013 4,4 km<br>\u0141\u0105cko \u2013 Barcin &#8211; 15,1 km<br>Barcin &#8211; j. Wolickie &#8211; j. Kierzkowskie \u2013 j. Ostrowieckie \u2013 \u0141\u0105cko \u2013 38,0 km<br>\u0141\u0105cko \u2013 Mielnica \u2013 52,9 km<br>Mielnica \u2013 Koszewo \u2013 7,2 km<br>Koszewo \u2013 Gawrony \u2013 1,6 km<br>Gawrony \u2013 \u015alesin \u2013 6,9 km<br>\u015alesin \u2013 P\u0105tn\u00f3w \u2013 10,0 km<\/p>\n\n\n\n<figure class=\"wp-block-image size-full\"><img loading=\"lazy\" decoding=\"async\" width=\"560\" height=\"442\" src=\"https:\/\/kkwfala.pl\/wp-content\/uploads\/2023\/07\/image.png\" alt=\"\" class=\"wp-image-2453\" srcset=\"https:\/\/kkwfala.pl\/wp-content\/uploads\/2023\/07\/image.png 560w, https:\/\/kkwfala.pl\/wp-content\/uploads\/2023\/07\/image-300x237.png 300w\" sizes=\"auto, (max-width: 560px) 100vw, 560px\" \/><\/figure>\n\n\n\n<figure class=\"wp-block-image size-full\"><img loading=\"lazy\" decoding=\"async\" width=\"561\" height=\"474\" src=\"https:\/\/kkwfala.pl\/wp-content\/uploads\/2023\/07\/image-1.png\" alt=\"\" class=\"wp-image-2454\" srcset=\"https:\/\/kkwfala.pl\/wp-content\/uploads\/2023\/07\/image-1.png 561w, https:\/\/kkwfala.pl\/wp-content\/uploads\/2023\/07\/image-1-300x253.png 300w\" sizes=\"auto, (max-width: 561px) 100vw, 561px\" \/><\/figure>\n\n\n\n<figure class=\"wp-block-image size-full\"><img loading=\"lazy\" decoding=\"async\" width=\"483\" height=\"477\" src=\"https:\/\/kkwfala.pl\/wp-content\/uploads\/2023\/07\/image-2.png\" alt=\"\" class=\"wp-image-2455\" srcset=\"https:\/\/kkwfala.pl\/wp-content\/uploads\/2023\/07\/image-2.png 483w, https:\/\/kkwfala.pl\/wp-content\/uploads\/2023\/07\/image-2-300x296.png 300w\" sizes=\"auto, (max-width: 483px) 100vw, 483px\" \/><\/figure>\n\n\n\n<figure class=\"wp-block-image size-full\"><img loading=\"lazy\" decoding=\"async\" width=\"539\" height=\"487\" src=\"https:\/\/kkwfala.pl\/wp-content\/uploads\/2023\/07\/image-3.png\" alt=\"\" class=\"wp-image-2456\" srcset=\"https:\/\/kkwfala.pl\/wp-content\/uploads\/2023\/07\/image-3.png 539w, https:\/\/kkwfala.pl\/wp-content\/uploads\/2023\/07\/image-3-300x271.png 300w\" sizes=\"auto, (max-width: 539px) 100vw, 539px\" \/><\/figure>\n\n\n\n<figure class=\"wp-block-image size-full\"><img loading=\"lazy\" decoding=\"async\" width=\"566\" height=\"474\" src=\"https:\/\/kkwfala.pl\/wp-content\/uploads\/2023\/07\/image-4.png\" alt=\"\" class=\"wp-image-2457\" srcset=\"https:\/\/kkwfala.pl\/wp-content\/uploads\/2023\/07\/image-4.png 566w, https:\/\/kkwfala.pl\/wp-content\/uploads\/2023\/07\/image-4-300x251.png 300w\" sizes=\"auto, (max-width: 566px) 100vw, 566px\" \/><\/figure>\n\n\n\n<figure class=\"wp-block-image size-full\"><img loading=\"lazy\" decoding=\"async\" width=\"626\" height=\"518\" src=\"https:\/\/kkwfala.pl\/wp-content\/uploads\/2023\/07\/image-5.png\" alt=\"\" class=\"wp-image-2458\" srcset=\"https:\/\/kkwfala.pl\/wp-content\/uploads\/2023\/07\/image-5.png 626w, https:\/\/kkwfala.pl\/wp-content\/uploads\/2023\/07\/image-5-300x248.png 300w\" sizes=\"auto, (max-width: 626px) 100vw, 626px\" \/><\/figure>\n\n\n\n<figure class=\"wp-block-image size-full\"><img loading=\"lazy\" decoding=\"async\" width=\"483\" height=\"457\" src=\"https:\/\/kkwfala.pl\/wp-content\/uploads\/2023\/07\/image-6.png\" alt=\"\" class=\"wp-image-2459\" srcset=\"https:\/\/kkwfala.pl\/wp-content\/uploads\/2023\/07\/image-6.png 483w, https:\/\/kkwfala.pl\/wp-content\/uploads\/2023\/07\/image-6-300x284.png 300w\" sizes=\"auto, (max-width: 483px) 100vw, 483px\" \/><\/figure>\n","protected":false},"excerpt":{"rendered":"<p>\u0141\u0105cko 2023 Termin \u2013 12.08.2023 r. &#8211; 17.08.2023 r.Miejsce \u2013 szlak wodny &#8211; \u015alesin \u2013 j. Gop\u0142o \u2013 Kruszwica \u2013 \u0141\u0105cko \u2013 Barcin \u2013 j. Wolickie &#8211;j. Kierzkowskie \u2013 j. Ostrowieckie &#8211; \u0141\u0105cko &#8211; \u015alesin Ramowy program rejsu 12.08.2023 r. &#8211; przyjazd uczestnik\u00f3w rejsu do swoich port\u00f3w macierzystych 13.08.2023 r. &#8211; 9:30 \u2013 zbi\u00f3rka jacht\u00f3w&#8230;<\/p>\n","protected":false},"author":1,"featured_media":1354,"comment_status":"open","ping_status":"open","sticky":false,"template":"","format":"standard","meta":{"footnotes":""},"categories":[1],"tags":[],"class_list":["post-2452","post","type-post","status-publish","format-standard","has-post-thumbnail","hentry","category-non-classe"],"_links":{"self":[{"href":"https:\/\/kkwfala.pl\/index.php\/wp-json\/wp\/v2\/posts\/2452","targetHints":{"allow":["GET"]}}],"collection":[{"href":"https:\/\/kkwfala.pl\/index.php\/wp-json\/wp\/v2\/posts"}],"about":[{"href":"https:\/\/kkwfala.pl\/index.php\/wp-json\/wp\/v2\/types\/post"}],"author":[{"embeddable":true,"href":"https:\/\/kkwfala.pl\/index.php\/wp-json\/wp\/v2\/users\/1"}],"replies":[{"embeddable":true,"href":"https:\/\/kkwfala.pl\/index.php\/wp-json\/wp\/v2\/comments?post=2452"}],"version-history":[{"count":1,"href":"https:\/\/kkwfala.pl\/index.php\/wp-json\/wp\/v2\/posts\/2452\/revisions"}],"predecessor-version":[{"id":2460,"href":"https:\/\/kkwfala.pl\/index.php\/wp-json\/wp\/v2\/posts\/2452\/revisions\/2460"}],"wp:featuredmedia":[{"embeddable":true,"href":"https:\/\/kkwfala.pl\/index.php\/wp-json\/wp\/v2\/media\/1354"}],"wp:attachment":[{"href":"https:\/\/kkwfala.pl\/index.php\/wp-json\/wp\/v2\/media?parent=2452"}],"wp:term":[{"taxonomy":"category","embeddable":true,"href":"https:\/\/kkwfala.pl\/index.php\/wp-json\/wp\/v2\/categories?post=2452"},{"taxonomy":"post_tag","embeddable":true,"href":"https:\/\/kkwfala.pl\/index.php\/wp-json\/wp\/v2\/tags?post=2452"}],"curies":[{"name":"wp","href":"https:\/\/api.w.org\/{rel}","templated":true}]}}